{"id":3566,"date":"2025-06-13T12:54:38","date_gmt":"2025-06-13T18:54:38","guid":{"rendered":"https:\/\/marinarivieranayarit.com\/?p=3566"},"modified":"2025-06-18T12:11:09","modified_gmt":"2025-06-18T18:11:09","slug":"rutas-de-transporte-publico","status":"publish","type":"post","link":"https:\/\/marinarivieranayarit.com\/en\/uncategorized\/rutas-de-transporte-publico\/","title":{"rendered":"Rutas de transporte publico"},"content":{"rendered":"<div data-elementor-type=\"wp-post\" data-elementor-id=\"3566\" class=\"elementor elementor-3566\">\n\t\t\t\t\t\t<section class=\"elementor-section elementor-top-section elementor-element elementor-element-c661c7e elementor-section-boxed elementor-section-height-default elementor-section-height-default\" data-id=\"c661c7e\" data-element_type=\"section\">\n\t\t\t\t\t\t<div class=\"elementor-container elementor-column-gap-default\">\n\t\t\t\t\t<div class=\"elementor-column elementor-col-100 elementor-top-column elementor-element elementor-element-50832f8\" data-id=\"50832f8\" data-element_type=\"column\">\n\t\t\t<div class=\"elementor-widget-wrap elementor-element-populated\">\n\t\t\t\t\t\t<div class=\"elementor-element elementor-element-9cc6e09 elementor-widget elementor-widget-text-editor\" data-id=\"9cc6e09\" data-element_type=\"widget\" data-widget_type=\"text-editor.default\">\n\t\t\t\t<div class=\"elementor-widget-container\">\n\t\t\t\t\t\t\t\t\t<p><b>RUTAS DE TRANSPORTE PUBLICO U OPCIONES SOSTENIBLES<\/b><\/p>\t\t\t\t\t\t\t\t<\/div>\n\t\t\t\t<\/div>\n\t\t\t\t\t<\/div>\n\t\t<\/div>\n\t\t\t\t\t<\/div>\n\t\t<\/section>\n\t\t\t\t<section class=\"elementor-section elementor-top-section elementor-element elementor-element-9ccf649 elementor-section-boxed elementor-section-height-default elementor-section-height-default\" data-id=\"9ccf649\" data-element_type=\"section\">\n\t\t\t\t\t\t<div class=\"elementor-container elementor-column-gap-default\">\n\t\t\t\t\t<div class=\"elementor-column elementor-col-100 elementor-top-column elementor-element elementor-element-e7a7a31\" data-id=\"e7a7a31\" data-element_type=\"column\">\n\t\t\t<div class=\"elementor-widget-wrap elementor-element-populated\">\n\t\t\t\t\t\t<div class=\"elementor-element elementor-element-4a80731 elementor-widget elementor-widget-text-editor\" data-id=\"4a80731\" data-element_type=\"widget\" data-widget_type=\"text-editor.default\">\n\t\t\t\t<div class=\"elementor-widget-container\">\n\t\t\t\t\t\t\t\t\t<p class=\"MsoNormal\" style=\"margin-bottom: 0cm; text-align: justify; line-height: normal;\"><span style=\"font-family: 'Arial',sans-serif;\">La Marina Riviera Nayarit at La Cruz es un destino de primer nivel para quienes buscan disfrutar del mar y la navegaci\u00f3n en un entorno privilegiado. Para facilitar el acceso y promover la movilidad sostenible, existen diversas opciones de transporte p\u00fablico que conectan la marina con distintos puntos clave de la regi\u00f3n.<\/span><\/p><p class=\"MsoNormal\" style=\"margin-bottom: 0cm; text-align: justify; line-height: normal;\"><span style=\"font-family: 'Arial',sans-serif;\">\u00a0<\/span><\/p><p class=\"MsoNormal\" style=\"margin-bottom: 0cm; text-align: justify; line-height: normal;\"><span style=\"font-family: 'Arial',sans-serif;\">Tanto autobuses como colectivos ofrecen rutas eficientes desde localidades cercanas, reduciendo el impacto ambiental y fomentando un traslado accesible y c\u00f3modo. Descubre las alternativas de transporte y elige la opci\u00f3n que mejor se adapte a tu recorrido.<\/span><\/p><p class=\"MsoNormal\" style=\"margin-bottom: 0cm; text-align: justify; line-height: normal;\"><span style=\"font-family: 'Arial',sans-serif;\">\u00a0<\/span><\/p><p class=\"MsoNormal\" style=\"margin-bottom: 0cm; text-align: justify; line-height: normal;\"><span style=\"font-family: 'Arial',sans-serif;\">Desde San Juan de Abajo:<\/span><\/p><p class=\"MsoNormal\" style=\"margin-bottom: 0cm; text-align: justify; line-height: normal;\"><span style=\"font-family: 'Arial',sans-serif;\">La l\u00ednea ATM y los Colectivos de San Juan de Abajo ofrecen salidas cada 20 minutos.<\/span><\/p><p class=\"MsoNormal\" style=\"margin-bottom: 0cm; text-align: justify; line-height: normal;\"><span style=\"font-family: 'Arial',sans-serif;\">Las principales paradas incluyen:<\/span><\/p><ul style=\"margin-top: 0cm;\" type=\"disc\"><li class=\"MsoNormal\" style=\"margin-bottom: 0cm; text-align: justify; line-height: normal; mso-list: l1 level1 lfo1; tab-stops: list 36.0pt;\"><span style=\"font-family: 'Arial',sans-serif;\">San Jose<\/span><\/li><li class=\"MsoNormal\" style=\"margin-bottom: 0cm; text-align: justify; line-height: normal; mso-list: l1 level1 lfo1; tab-stops: list 36.0pt;\"><span style=\"font-family: 'Arial',sans-serif;\">El Porvenir<\/span><\/li><li class=\"MsoNormal\" style=\"margin-bottom: 0cm; text-align: justify; line-height: normal; mso-list: l1 level1 lfo1; tab-stops: list 36.0pt;\"><span style=\"font-family: 'Arial',sans-serif;\">San Vicente<\/span><\/li><li class=\"MsoNormal\" style=\"margin-bottom: 0cm; text-align: justify; line-height: normal; mso-list: l1 level1 lfo1; tab-stops: list 36.0pt;\"><span style=\"font-family: 'Arial',sans-serif;\">Mezcales<\/span><\/li><li class=\"MsoNormal\" style=\"margin-bottom: 0cm; text-align: justify; line-height: normal; mso-list: l1 level1 lfo1; tab-stops: list 36.0pt;\"><span style=\"font-family: 'Arial',sans-serif;\">Bucer\u00edas<\/span><\/li><li class=\"MsoNormal\" style=\"margin-bottom: 0cm; text-align: justify; line-height: normal; mso-list: l1 level1 lfo1; tab-stops: list 36.0pt;\"><span style=\"font-family: 'Arial',sans-serif;\">La Cruz de Huanacaxtle<\/span><\/li><li class=\"MsoNormal\" style=\"margin-bottom: 0cm; text-align: justify; line-height: normal; mso-list: l1 level1 lfo1; tab-stops: list 36.0pt;\"><span style=\"font-family: 'Arial',sans-serif;\">Punta de Mita<\/span><\/li><\/ul><p class=\"MsoNormal\" style=\"margin-bottom: 0cm; text-align: justify; line-height: normal;\"><span style=\"font-family: Arial, sans-serif; font-style: inherit; font-weight: inherit;\">Desde Puerto Vallarta:<\/span><\/p><p class=\"MsoNormal\" style=\"margin-bottom: 0cm; text-align: justify; line-height: normal;\"><span style=\"font-family: 'Arial',sans-serif;\">Autobuses: La l\u00ednea ATM brinda servicio directo desde Autotransportes Medina hasta Punta de Mita, con salidas cada 15 minutos y un tiempo de viaje aproximado de 1:30 hrs. <\/span><\/p><p class=\"MsoNormal\" style=\"margin-bottom: 0cm; text-align: justify; line-height: normal;\"><span style=\"font-family: 'Arial',sans-serif;\">Las paradas clave incluyen:<\/span><\/p><p class=\"MsoNormal\" style=\"margin-bottom: 0cm; text-align: justify; line-height: normal;\"><span style=\"font-family: 'Arial',sans-serif;\">\u00a0<\/span><\/p><ul style=\"margin-top: 0cm;\" type=\"disc\"><li style=\"list-style-type: none;\"><ul style=\"margin-top: 0cm;\" type=\"circle\"><li class=\"MsoNormal\" style=\"margin-bottom: 0cm; text-align: justify; line-height: normal; mso-list: l0 level2 lfo2; tab-stops: list 72.0pt;\"><span style=\"font-family: 'Arial',sans-serif;\">Las Glorias<\/span><\/li><li class=\"MsoNormal\" style=\"margin-bottom: 0cm; text-align: justify; line-height: normal; mso-list: l0 level2 lfo2; tab-stops: list 72.0pt;\"><span style=\"font-family: 'Arial',sans-serif;\">Sams Club<\/span><\/li><li class=\"MsoNormal\" style=\"margin-bottom: 0cm; text-align: justify; line-height: normal; mso-list: l0 level2 lfo2; tab-stops: list 72.0pt;\"><span style=\"font-family: 'Arial',sans-serif;\">Las Juntas<\/span><\/li><li class=\"MsoNormal\" style=\"margin-bottom: 0cm; text-align: justify; line-height: normal; mso-list: l0 level2 lfo2; tab-stops: list 72.0pt;\"><span style=\"font-family: 'Arial',sans-serif;\">Chedraui Valle dorado<\/span><\/li><li class=\"MsoNormal\" style=\"margin-bottom: 0cm; text-align: justify; line-height: normal; mso-list: l0 level2 lfo2; tab-stops: list 72.0pt;\"><span style=\"font-family: 'Arial',sans-serif;\">Mezcales<\/span><\/li><li class=\"MsoNormal\" style=\"margin-bottom: 0cm; text-align: justify; line-height: normal; mso-list: l0 level2 lfo2; tab-stops: list 72.0pt;\"><span style=\"font-family: 'Arial',sans-serif;\">Bucer\u00edas<\/span><\/li><li class=\"MsoNormal\" style=\"margin-bottom: 0cm; text-align: justify; line-height: normal; mso-list: l0 level2 lfo2; tab-stops: list 72.0pt;\"><span style=\"font-family: 'Arial',sans-serif;\">La Cruz de Huanacaxtle<\/span><\/li><li class=\"MsoNormal\" style=\"margin-bottom: 0cm; text-align: justify; line-height: normal; mso-list: l0 level2 lfo2; tab-stops: list 72.0pt;\"><span style=\"font-family: 'Arial',sans-serif;\">Punta de Mita<\/span><\/li><\/ul><\/li><\/ul><div style=\"text-align: justify;\"><span style=\"font-family: Arial, sans-serif;\"><img fetchpriority=\"high\" decoding=\"async\" class=\"aligncenter wp-image-3625\" src=\"https:\/\/marinarivieranayarit.com\/wp-content\/uploads\/2025\/06\/Atm-300x225.jpg\" alt=\"\" width=\"800\" height=\"600\" srcset=\"https:\/\/marinarivieranayarit.com\/wp-content\/uploads\/2025\/06\/Atm-300x225.jpg 300w, https:\/\/marinarivieranayarit.com\/wp-content\/uploads\/2025\/06\/Atm-16x12.jpg 16w, https:\/\/marinarivieranayarit.com\/wp-content\/uploads\/2025\/06\/Atm.jpg 720w\" sizes=\"(max-width: 800px) 100vw, 800px\" \/><\/span><\/div><div style=\"text-align: justify;\"><span style=\"font-family: Arial, sans-serif;\">\u00a0<\/span><\/div><p class=\"MsoNormal\" style=\"margin-bottom: 0cm; text-align: justify; line-height: normal;\"><span style=\"font-family: 'Arial',sans-serif;\">Colectivos: Existen rutas de transporte p\u00fablico que conectan Puerto Vallarta con La Cruz de Huanacaxtle, pasando por Mezcales y Bucer\u00edas.<\/span><\/p><p class=\"MsoNormal\" style=\"margin-bottom: 0cm; text-align: justify; line-height: normal;\"><span style=\"font-family: 'Arial',sans-serif;\">\u00a0<\/span><\/p><p class=\"MsoNormal\" style=\"margin-bottom: 0cm; text-align: justify; line-height: normal;\"><span style=\"font-family: 'Arial',sans-serif;\"><img decoding=\"async\" class=\"aligncenter wp-image-3626\" src=\"https:\/\/marinarivieranayarit.com\/wp-content\/uploads\/2025\/06\/colectivo_pv_mita-300x203.jpg\" alt=\"\" width=\"800\" height=\"542\" srcset=\"https:\/\/marinarivieranayarit.com\/wp-content\/uploads\/2025\/06\/colectivo_pv_mita-300x203.jpg 300w, https:\/\/marinarivieranayarit.com\/wp-content\/uploads\/2025\/06\/colectivo_pv_mita-1024x694.jpg 1024w, https:\/\/marinarivieranayarit.com\/wp-content\/uploads\/2025\/06\/colectivo_pv_mita-768x520.jpg 768w, https:\/\/marinarivieranayarit.com\/wp-content\/uploads\/2025\/06\/colectivo_pv_mita-18x12.jpg 18w, https:\/\/marinarivieranayarit.com\/wp-content\/uploads\/2025\/06\/colectivo_pv_mita.jpg 1200w\" sizes=\"(max-width: 800px) 100vw, 800px\" \/><\/span><\/p><p class=\"MsoNormal\" style=\"margin-bottom: 0cm; text-align: justify; line-height: normal;\"><span style=\"font-family: 'Arial',sans-serif;\">\u00a0<\/span><\/p><p class=\"MsoNormal\" style=\"margin-bottom: 0cm; text-align: justify; line-height: normal;\"><span style=\"font-family: 'Arial',sans-serif;\">\u00a0<\/span><\/p><p class=\"MsoNormal\" style=\"margin-bottom: 0cm; text-align: justify; line-height: normal;\"><span style=\"font-family: 'Arial',sans-serif;\">\u00a0<\/span><\/p><p class=\"MsoNormal\" style=\"margin-bottom: 0cm; text-align: justify; line-height: normal;\"><span style=\"font-family: 'Arial',sans-serif;\">Estas alternativas contribuyen a una movilidad m\u00e1s sostenible en la regi\u00f3n y facilitan el acceso a la marina sin necesidad de transporte privado.<\/span><\/p>\t\t\t\t\t\t\t\t<\/div>\n\t\t\t\t<\/div>\n\t\t\t\t\t<\/div>\n\t\t<\/div>\n\t\t\t\t\t<\/div>\n\t\t<\/section>\n\t\t\t\t<\/div>","protected":false},"excerpt":{"rendered":"<p>RUTAS DE TRANSPORTE PUBLICO U OPCIONES SOSTENIBLES La Marina Riviera Nayarit at La Cruz es un destino de primer nivel para quienes buscan disfrutar del mar y la navegaci\u00f3n en un entorno privilegiado. Para facilitar el acceso y promover la movilidad sostenible, existen diversas opciones de transporte p\u00fablico que conectan la marina con distintos puntos &hellip;<\/p>\n<p class=\"read-more\"> <a class=\"\" href=\"https:\/\/marinarivieranayarit.com\/en\/uncategorized\/rutas-de-transporte-publico\/\"> <span class=\"screen-reader-text\">Rutas de transporte publico<\/span> Read More &raquo;<\/a><\/p>","protected":false},"author":3,"featured_media":238,"comment_status":"open","ping_status":"open","sticky":false,"template":"elementor_header_footer","format":"standard","meta":{"site-sidebar-layout":"default","site-content-layout":"default","ast-global-header-display":"","ast-main-header-display":"","ast-hfb-above-header-display":"","ast-hfb-below-header-display":"","ast-hfb-mobile-header-display":"","site-post-title":"","ast-breadcrumbs-content":"","ast-featured-img":"","footer-sml-layout":"","theme-transparent-header-meta":"","adv-header-id-meta":"","stick-header-meta":"","header-above-stick-meta":"","header-main-stick-meta":"","header-below-stick-meta":"","footnotes":""},"categories":[1],"tags":[],"class_list":["post-3566","post","type-post","status-publish","format-standard","has-post-thumbnail","hentry","category-uncategorized"],"yoast_head":"<!-- This site is optimized with the Yoast SEO plugin v24.8.1 - https:\/\/yoast.com\/wordpress\/plugins\/seo\/ -->\n<title>Rutas de transporte publico - Marina Riviera Nayarit at La Cruz<\/title>\n<meta name=\"description\" content=\"Marina Riviera Nayarit at La Cruz en La Cruz de Huanacaxtle fu\u00e9 dise\u00f1ada para ser la mejor marina de M\u00e9xico ofreciendo servicios de la m\u00e1s alta calidad dentro de todo el complejo.\" \/>\n<meta name=\"robots\" content=\"index, follow, max-snippet:-1, max-image-preview:large, max-video-preview:-1\" \/>\n<link rel=\"canonical\" href=\"https:\/\/marinarivieranayarit.com\/en\/uncategorized\/rutas-de-transporte-publico\/\" \/>\n<meta property=\"og:locale\" content=\"en_US\" \/>\n<meta property=\"og:type\" content=\"article\" \/>\n<meta property=\"og:title\" content=\"Rutas de transporte publico - Marina Riviera Nayarit at La Cruz\" \/>\n<meta property=\"og:description\" content=\"Marina Riviera Nayarit at La Cruz en La Cruz de Huanacaxtle fu\u00e9 dise\u00f1ada para ser la mejor marina de M\u00e9xico ofreciendo servicios de la m\u00e1s alta calidad dentro de todo el complejo.\" \/>\n<meta property=\"og:url\" content=\"https:\/\/marinarivieranayarit.com\/en\/uncategorized\/rutas-de-transporte-publico\/\" \/>\n<meta property=\"og:site_name\" content=\"Marina Riviera Nayarit at La Cruz\" \/>\n<meta property=\"article:published_time\" content=\"2025-06-13T18:54:38+00:00\" \/>\n<meta property=\"article:modified_time\" content=\"2025-06-18T18:11:09+00:00\" \/>\n<meta property=\"og:image\" content=\"https:\/\/marinarivieranayarit.com\/wp-content\/uploads\/2022\/07\/MARINA-RIVIERA-NAYARIT-130-1024x685-1.jpg\" \/>\n\t<meta property=\"og:image:width\" content=\"1024\" \/>\n\t<meta property=\"og:image:height\" content=\"685\" \/>\n\t<meta property=\"og:image:type\" content=\"image\/jpeg\" \/>\n<meta name=\"author\" content=\"Noe Cruz\" \/>\n<meta name=\"twitter:card\" content=\"summary_large_image\" \/>\n<meta name=\"twitter:label1\" content=\"Written by\" \/>\n\t<meta name=\"twitter:data1\" content=\"Noe Cruz\" \/>\n\t<meta name=\"twitter:label2\" content=\"Est. reading time\" \/>\n\t<meta name=\"twitter:data2\" content=\"2 minutes\" \/>\n<script type=\"application\/ld+json\" class=\"yoast-schema-graph\">{\"@context\":\"https:\/\/schema.org\",\"@graph\":[{\"@type\":\"Article\",\"@id\":\"https:\/\/marinarivieranayarit.com\/uncategorized\/rutas-de-transporte-publico\/#article\",\"isPartOf\":{\"@id\":\"https:\/\/marinarivieranayarit.com\/uncategorized\/rutas-de-transporte-publico\/\"},\"author\":{\"name\":\"Noe Cruz\",\"@id\":\"https:\/\/marinarivieranayarit.com\/#\/schema\/person\/9123b84d67252306a772379d87f330b3\"},\"headline\":\"Rutas de transporte publico\",\"datePublished\":\"2025-06-13T18:54:38+00:00\",\"dateModified\":\"2025-06-18T18:11:09+00:00\",\"mainEntityOfPage\":{\"@id\":\"https:\/\/marinarivieranayarit.com\/uncategorized\/rutas-de-transporte-publico\/\"},\"wordCount\":246,\"commentCount\":0,\"publisher\":{\"@id\":\"https:\/\/marinarivieranayarit.com\/#organization\"},\"image\":{\"@id\":\"https:\/\/marinarivieranayarit.com\/uncategorized\/rutas-de-transporte-publico\/#primaryimage\"},\"thumbnailUrl\":\"https:\/\/marinarivieranayarit.com\/wp-content\/uploads\/2022\/07\/MARINA-RIVIERA-NAYARIT-130-1024x685-1.jpg\",\"inLanguage\":\"en-US\",\"potentialAction\":[{\"@type\":\"CommentAction\",\"name\":\"Comment\",\"target\":[\"https:\/\/marinarivieranayarit.com\/uncategorized\/rutas-de-transporte-publico\/#respond\"]}]},{\"@type\":\"WebPage\",\"@id\":\"https:\/\/marinarivieranayarit.com\/uncategorized\/rutas-de-transporte-publico\/\",\"url\":\"https:\/\/marinarivieranayarit.com\/uncategorized\/rutas-de-transporte-publico\/\",\"name\":\"Rutas de transporte publico - Marina Riviera Nayarit at La Cruz\",\"isPartOf\":{\"@id\":\"https:\/\/marinarivieranayarit.com\/#website\"},\"primaryImageOfPage\":{\"@id\":\"https:\/\/marinarivieranayarit.com\/uncategorized\/rutas-de-transporte-publico\/#primaryimage\"},\"image\":{\"@id\":\"https:\/\/marinarivieranayarit.com\/uncategorized\/rutas-de-transporte-publico\/#primaryimage\"},\"thumbnailUrl\":\"https:\/\/marinarivieranayarit.com\/wp-content\/uploads\/2022\/07\/MARINA-RIVIERA-NAYARIT-130-1024x685-1.jpg\",\"datePublished\":\"2025-06-13T18:54:38+00:00\",\"dateModified\":\"2025-06-18T18:11:09+00:00\",\"description\":\"Marina Riviera Nayarit at La Cruz en La Cruz de Huanacaxtle fu\u00e9 dise\u00f1ada para ser la mejor marina de M\u00e9xico ofreciendo servicios de la m\u00e1s alta calidad dentro de todo el complejo.\",\"breadcrumb\":{\"@id\":\"https:\/\/marinarivieranayarit.com\/uncategorized\/rutas-de-transporte-publico\/#breadcrumb\"},\"inLanguage\":\"en-US\",\"potentialAction\":[{\"@type\":\"ReadAction\",\"target\":[\"https:\/\/marinarivieranayarit.com\/uncategorized\/rutas-de-transporte-publico\/\"]}]},{\"@type\":\"ImageObject\",\"inLanguage\":\"en-US\",\"@id\":\"https:\/\/marinarivieranayarit.com\/uncategorized\/rutas-de-transporte-publico\/#primaryimage\",\"url\":\"https:\/\/marinarivieranayarit.com\/wp-content\/uploads\/2022\/07\/MARINA-RIVIERA-NAYARIT-130-1024x685-1.jpg\",\"contentUrl\":\"https:\/\/marinarivieranayarit.com\/wp-content\/uploads\/2022\/07\/MARINA-RIVIERA-NAYARIT-130-1024x685-1.jpg\",\"width\":1024,\"height\":685,\"caption\":\"Muelle de la Marina\"},{\"@type\":\"BreadcrumbList\",\"@id\":\"https:\/\/marinarivieranayarit.com\/uncategorized\/rutas-de-transporte-publico\/#breadcrumb\",\"itemListElement\":[{\"@type\":\"ListItem\",\"position\":1,\"name\":\"Portada\",\"item\":\"https:\/\/marinarivieranayarit.com\/\"},{\"@type\":\"ListItem\",\"position\":2,\"name\":\"Rutas de transporte publico\"}]},{\"@type\":\"WebSite\",\"@id\":\"https:\/\/marinarivieranayarit.com\/#website\",\"url\":\"https:\/\/marinarivieranayarit.com\/\",\"name\":\"Marina Riviera Nayarit at La Cruz\",\"description\":\"Cruz de Huanacaxtle\",\"publisher\":{\"@id\":\"https:\/\/marinarivieranayarit.com\/#organization\"},\"potentialAction\":[{\"@type\":\"SearchAction\",\"target\":{\"@type\":\"EntryPoint\",\"urlTemplate\":\"https:\/\/marinarivieranayarit.com\/?s={search_term_string}\"},\"query-input\":{\"@type\":\"PropertyValueSpecification\",\"valueRequired\":true,\"valueName\":\"search_term_string\"}}],\"inLanguage\":\"en-US\"},{\"@type\":\"Organization\",\"@id\":\"https:\/\/marinarivieranayarit.com\/#organization\",\"name\":\"Marina Riviera Nayarit at La Cruz\",\"url\":\"https:\/\/marinarivieranayarit.com\/\",\"logo\":{\"@type\":\"ImageObject\",\"inLanguage\":\"en-US\",\"@id\":\"https:\/\/marinarivieranayarit.com\/#\/schema\/logo\/image\/\",\"url\":\"https:\/\/marinarivieranayarit.com\/wp-content\/uploads\/2022\/07\/logo-1.png\",\"contentUrl\":\"https:\/\/marinarivieranayarit.com\/wp-content\/uploads\/2022\/07\/logo-1.png\",\"width\":245,\"height\":70,\"caption\":\"Marina Riviera Nayarit at La Cruz\"},\"image\":{\"@id\":\"https:\/\/marinarivieranayarit.com\/#\/schema\/logo\/image\/\"}},{\"@type\":\"Person\",\"@id\":\"https:\/\/marinarivieranayarit.com\/#\/schema\/person\/9123b84d67252306a772379d87f330b3\",\"name\":\"Noe Cruz\",\"image\":{\"@type\":\"ImageObject\",\"inLanguage\":\"en-US\",\"@id\":\"https:\/\/marinarivieranayarit.com\/#\/schema\/person\/image\/\",\"url\":\"https:\/\/secure.gravatar.com\/avatar\/2dceb8977292baa62c7f843553c93a80bcdac578a771bd0bf28381e4e7eaccea?s=96&d=mm&r=g\",\"contentUrl\":\"https:\/\/secure.gravatar.com\/avatar\/2dceb8977292baa62c7f843553c93a80bcdac578a771bd0bf28381e4e7eaccea?s=96&d=mm&r=g\",\"caption\":\"Noe Cruz\"},\"url\":\"https:\/\/marinarivieranayarit.com\/en\/author\/sistemas\/\"}]}<\/script>\n<!-- \/ Yoast SEO plugin. -->","yoast_head_json":{"title":"Rutas de transporte publico - Marina Riviera Nayarit at La Cruz","description":"Marina Riviera Nayarit at La Cruz en La Cruz de Huanacaxtle fu\u00e9 dise\u00f1ada para ser la mejor marina de M\u00e9xico ofreciendo servicios de la m\u00e1s alta calidad dentro de todo el complejo.","robots":{"index":"index","follow":"follow","max-snippet":"max-snippet:-1","max-image-preview":"max-image-preview:large","max-video-preview":"max-video-preview:-1"},"canonical":"https:\/\/marinarivieranayarit.com\/en\/uncategorized\/rutas-de-transporte-publico\/","og_locale":"en_US","og_type":"article","og_title":"Rutas de transporte publico - Marina Riviera Nayarit at La Cruz","og_description":"Marina Riviera Nayarit at La Cruz en La Cruz de Huanacaxtle fu\u00e9 dise\u00f1ada para ser la mejor marina de M\u00e9xico ofreciendo servicios de la m\u00e1s alta calidad dentro de todo el complejo.","og_url":"https:\/\/marinarivieranayarit.com\/en\/uncategorized\/rutas-de-transporte-publico\/","og_site_name":"Marina Riviera Nayarit at La Cruz","article_published_time":"2025-06-13T18:54:38+00:00","article_modified_time":"2025-06-18T18:11:09+00:00","og_image":[{"width":1024,"height":685,"url":"https:\/\/marinarivieranayarit.com\/wp-content\/uploads\/2022\/07\/MARINA-RIVIERA-NAYARIT-130-1024x685-1.jpg","type":"image\/jpeg"}],"author":"Noe Cruz","twitter_card":"summary_large_image","twitter_misc":{"Written by":"Noe Cruz","Est. reading time":"2 minutes"},"schema":{"@context":"https:\/\/schema.org","@graph":[{"@type":"Article","@id":"https:\/\/marinarivieranayarit.com\/uncategorized\/rutas-de-transporte-publico\/#article","isPartOf":{"@id":"https:\/\/marinarivieranayarit.com\/uncategorized\/rutas-de-transporte-publico\/"},"author":{"name":"Noe Cruz","@id":"https:\/\/marinarivieranayarit.com\/#\/schema\/person\/9123b84d67252306a772379d87f330b3"},"headline":"Rutas de transporte publico","datePublished":"2025-06-13T18:54:38+00:00","dateModified":"2025-06-18T18:11:09+00:00","mainEntityOfPage":{"@id":"https:\/\/marinarivieranayarit.com\/uncategorized\/rutas-de-transporte-publico\/"},"wordCount":246,"commentCount":0,"publisher":{"@id":"https:\/\/marinarivieranayarit.com\/#organization"},"image":{"@id":"https:\/\/marinarivieranayarit.com\/uncategorized\/rutas-de-transporte-publico\/#primaryimage"},"thumbnailUrl":"https:\/\/marinarivieranayarit.com\/wp-content\/uploads\/2022\/07\/MARINA-RIVIERA-NAYARIT-130-1024x685-1.jpg","inLanguage":"en-US","potentialAction":[{"@type":"CommentAction","name":"Comment","target":["https:\/\/marinarivieranayarit.com\/uncategorized\/rutas-de-transporte-publico\/#respond"]}]},{"@type":"WebPage","@id":"https:\/\/marinarivieranayarit.com\/uncategorized\/rutas-de-transporte-publico\/","url":"https:\/\/marinarivieranayarit.com\/uncategorized\/rutas-de-transporte-publico\/","name":"Rutas de transporte publico - Marina Riviera Nayarit at La Cruz","isPartOf":{"@id":"https:\/\/marinarivieranayarit.com\/#website"},"primaryImageOfPage":{"@id":"https:\/\/marinarivieranayarit.com\/uncategorized\/rutas-de-transporte-publico\/#primaryimage"},"image":{"@id":"https:\/\/marinarivieranayarit.com\/uncategorized\/rutas-de-transporte-publico\/#primaryimage"},"thumbnailUrl":"https:\/\/marinarivieranayarit.com\/wp-content\/uploads\/2022\/07\/MARINA-RIVIERA-NAYARIT-130-1024x685-1.jpg","datePublished":"2025-06-13T18:54:38+00:00","dateModified":"2025-06-18T18:11:09+00:00","description":"Marina Riviera Nayarit at La Cruz en La Cruz de Huanacaxtle fu\u00e9 dise\u00f1ada para ser la mejor marina de M\u00e9xico ofreciendo servicios de la m\u00e1s alta calidad dentro de todo el complejo.","breadcrumb":{"@id":"https:\/\/marinarivieranayarit.com\/uncategorized\/rutas-de-transporte-publico\/#breadcrumb"},"inLanguage":"en-US","potentialAction":[{"@type":"ReadAction","target":["https:\/\/marinarivieranayarit.com\/uncategorized\/rutas-de-transporte-publico\/"]}]},{"@type":"ImageObject","inLanguage":"en-US","@id":"https:\/\/marinarivieranayarit.com\/uncategorized\/rutas-de-transporte-publico\/#primaryimage","url":"https:\/\/marinarivieranayarit.com\/wp-content\/uploads\/2022\/07\/MARINA-RIVIERA-NAYARIT-130-1024x685-1.jpg","contentUrl":"https:\/\/marinarivieranayarit.com\/wp-content\/uploads\/2022\/07\/MARINA-RIVIERA-NAYARIT-130-1024x685-1.jpg","width":1024,"height":685,"caption":"Muelle de la Marina"},{"@type":"BreadcrumbList","@id":"https:\/\/marinarivieranayarit.com\/uncategorized\/rutas-de-transporte-publico\/#breadcrumb","itemListElement":[{"@type":"ListItem","position":1,"name":"Portada","item":"https:\/\/marinarivieranayarit.com\/"},{"@type":"ListItem","position":2,"name":"Rutas de transporte publico"}]},{"@type":"WebSite","@id":"https:\/\/marinarivieranayarit.com\/#website","url":"https:\/\/marinarivieranayarit.com\/","name":"Marina Riviera Nayarit at La Cruz","description":"Cruz de Huanacaxtle","publisher":{"@id":"https:\/\/marinarivieranayarit.com\/#organization"},"potentialAction":[{"@type":"SearchAction","target":{"@type":"EntryPoint","urlTemplate":"https:\/\/marinarivieranayarit.com\/?s={search_term_string}"},"query-input":{"@type":"PropertyValueSpecification","valueRequired":true,"valueName":"search_term_string"}}],"inLanguage":"en-US"},{"@type":"Organization","@id":"https:\/\/marinarivieranayarit.com\/#organization","name":"Marina Riviera Nayarit at La Cruz","url":"https:\/\/marinarivieranayarit.com\/","logo":{"@type":"ImageObject","inLanguage":"en-US","@id":"https:\/\/marinarivieranayarit.com\/#\/schema\/logo\/image\/","url":"https:\/\/marinarivieranayarit.com\/wp-content\/uploads\/2022\/07\/logo-1.png","contentUrl":"https:\/\/marinarivieranayarit.com\/wp-content\/uploads\/2022\/07\/logo-1.png","width":245,"height":70,"caption":"Marina Riviera Nayarit at La Cruz"},"image":{"@id":"https:\/\/marinarivieranayarit.com\/#\/schema\/logo\/image\/"}},{"@type":"Person","@id":"https:\/\/marinarivieranayarit.com\/#\/schema\/person\/9123b84d67252306a772379d87f330b3","name":"Noe Cruz","image":{"@type":"ImageObject","inLanguage":"en-US","@id":"https:\/\/marinarivieranayarit.com\/#\/schema\/person\/image\/","url":"https:\/\/secure.gravatar.com\/avatar\/2dceb8977292baa62c7f843553c93a80bcdac578a771bd0bf28381e4e7eaccea?s=96&d=mm&r=g","contentUrl":"https:\/\/secure.gravatar.com\/avatar\/2dceb8977292baa62c7f843553c93a80bcdac578a771bd0bf28381e4e7eaccea?s=96&d=mm&r=g","caption":"Noe Cruz"},"url":"https:\/\/marinarivieranayarit.com\/en\/author\/sistemas\/"}]}},"_links":{"self":[{"href":"https:\/\/marinarivieranayarit.com\/en\/wp-json\/wp\/v2\/posts\/3566","targetHints":{"allow":["GET"]}}],"collection":[{"href":"https:\/\/marinarivieranayarit.com\/en\/wp-json\/wp\/v2\/posts"}],"about":[{"href":"https:\/\/marinarivieranayarit.com\/en\/wp-json\/wp\/v2\/types\/post"}],"author":[{"embeddable":true,"href":"https:\/\/marinarivieranayarit.com\/en\/wp-json\/wp\/v2\/users\/3"}],"replies":[{"embeddable":true,"href":"https:\/\/marinarivieranayarit.com\/en\/wp-json\/wp\/v2\/comments?post=3566"}],"version-history":[{"count":13,"href":"https:\/\/marinarivieranayarit.com\/en\/wp-json\/wp\/v2\/posts\/3566\/revisions"}],"predecessor-version":[{"id":3629,"href":"https:\/\/marinarivieranayarit.com\/en\/wp-json\/wp\/v2\/posts\/3566\/revisions\/3629"}],"wp:featuredmedia":[{"embeddable":true,"href":"https:\/\/marinarivieranayarit.com\/en\/wp-json\/wp\/v2\/media\/238"}],"wp:attachment":[{"href":"https:\/\/marinarivieranayarit.com\/en\/wp-json\/wp\/v2\/media?parent=3566"}],"wp:term":[{"taxonomy":"category","embeddable":true,"href":"https:\/\/marinarivieranayarit.com\/en\/wp-json\/wp\/v2\/categories?post=3566"},{"taxonomy":"post_tag","embeddable":true,"href":"https:\/\/marinarivieranayarit.com\/en\/wp-json\/wp\/v2\/tags?post=3566"}],"curies":[{"name":"wp","href":"https:\/\/api.w.org\/{rel}","templated":true}]}}